{"id":282,"date":"2022-06-20T11:12:32","date_gmt":"2022-06-20T09:12:32","guid":{"rendered":"https:\/\/www.itelis.eu\/?p=282"},"modified":"2023-07-27T00:50:23","modified_gmt":"2023-07-26T22:50:23","slug":"telekom-slovenije-acquiring-actual-i-t-group","status":"publish","type":"post","link":"https:\/\/www.itelis.eu\/en\/telekom-slovenije-acquiring-actual-i-t-group\/","title":{"rendered":"Telekom Slovenije acquiring Actual I.T. Group"},"content":{"rendered":"<p>This is formed by the umbrella company Actual I.T. d. d. and the companies Unistar LC d.o.o., PRO.Astec d.o.o., Itelis d.o.o., Actual I.T. d.o.o., Croatia, Actual BHd.o.o., Sarajevo and Actual I.T. doo, Belgrade. The contract was concluded under several suspensive conditions, which must be fulfilled before the purchase transaction can be carried out, namely within six months. Our focus remains on you, our customers. There will be no changes in our day-to-day operations, we will provide all our services without interruption in the future. Our strategic direction remains unchanged, together we want to become even stronger, and we will definitely succeed in the new capital environment. In this way, we will further strengthen our leading position on the Slovenian ICT market and, with important synergies, lay the foundations for further growth.<\/p>\n","protected":false},"excerpt":{"rendered":"<p>Telekom Slovenije d. d. concluded an agreement with the companies DBA Information Technology and DBA Group to acquire Actual I.T. Group on 28 March 2022.<\/p>\n","protected":false},"author":2,"featured_media":236,"comment_status":"closed","ping_status":"closed","sticky":false,"template":"","format":"standard","meta":{"footnotes":""},"categories":[331],"tags":[],"class_list":["post-282","post","type-post","status-publish","format-standard","has-post-thumbnail","hentry","category-uncategorized-en"],"yoast_head":"<!-- This site is optimized with the Yoast SEO plugin v27.4 - https:\/\/yoast.com\/product\/yoast-seo-wordpress\/ -->\n<title>Telekom Slovenije acquiring Actual I.T. Group - Itelis<\/title>\n<meta name=\"robots\" content=\"index, follow, max-snippet:-1, max-image-preview:large, max-video-preview:-1\" \/>\n<link rel=\"canonical\" href=\"https:\/\/www.itelis.eu\/en\/telekom-slovenije-acquiring-actual-i-t-group\/\" \/>\n<meta property=\"og:locale\" content=\"en_US\" \/>\n<meta property=\"og:type\" content=\"article\" \/>\n<meta property=\"og:title\" content=\"Telekom Slovenije acquiring Actual I.T. Group - Itelis\" \/>\n<meta property=\"og:description\" content=\"Telekom Slovenije d. d. concluded an agreement with the companies DBA Information Technology and DBA Group to acquire Actual I.T. Group on 28 March 2022.\" \/>\n<meta property=\"og:url\" content=\"https:\/\/www.itelis.eu\/en\/telekom-slovenije-acquiring-actual-i-t-group\/\" \/>\n<meta property=\"og:site_name\" content=\"Itelis\" \/>\n<meta property=\"article:published_time\" content=\"2022-06-20T09:12:32+00:00\" \/>\n<meta property=\"article:modified_time\" content=\"2023-07-26T22:50:23+00:00\" \/>\n<meta property=\"og:image\" content=\"https:\/\/www.itelis.eu\/wp-content\/uploads\/2022\/06\/itelis-telekom-prevzem-scaled.jpg\" \/>\n\t<meta property=\"og:image:width\" content=\"2560\" \/>\n\t<meta property=\"og:image:height\" content=\"1714\" \/>\n\t<meta property=\"og:image:type\" content=\"image\/jpeg\" \/>\n<meta name=\"author\" content=\"Dejan Cepic\" \/>\n<meta name=\"twitter:card\" content=\"summary_large_image\" \/>\n<meta name=\"twitter:label1\" content=\"Written by\" \/>\n\t<meta name=\"twitter:data1\" content=\"Dejan Cepic\" \/>\n\t<meta name=\"twitter:label2\" content=\"Est. reading time\" \/>\n\t<meta name=\"twitter:data2\" content=\"1 minute\" \/>\n<script type=\"application\/ld+json\" class=\"yoast-schema-graph\">{\"@context\":\"https:\\\/\\\/schema.org\",\"@graph\":[{\"@type\":\"Article\",\"@id\":\"https:\\\/\\\/www.itelis.eu\\\/en\\\/telekom-slovenije-acquiring-actual-i-t-group\\\/#article\",\"isPartOf\":{\"@id\":\"https:\\\/\\\/www.itelis.eu\\\/en\\\/telekom-slovenije-acquiring-actual-i-t-group\\\/\"},\"author\":{\"name\":\"Dejan Cepic\",\"@id\":\"https:\\\/\\\/www.itelis.eu\\\/en\\\/#\\\/schema\\\/person\\\/276bcc99a6a5ebfb69a16f8656558239\"},\"headline\":\"Telekom Slovenije acquiring Actual I.T. Group\",\"datePublished\":\"2022-06-20T09:12:32+00:00\",\"dateModified\":\"2023-07-26T22:50:23+00:00\",\"mainEntityOfPage\":{\"@id\":\"https:\\\/\\\/www.itelis.eu\\\/en\\\/telekom-slovenije-acquiring-actual-i-t-group\\\/\"},\"wordCount\":152,\"publisher\":{\"@id\":\"https:\\\/\\\/www.itelis.eu\\\/en\\\/#organization\"},\"image\":{\"@id\":\"https:\\\/\\\/www.itelis.eu\\\/en\\\/telekom-slovenije-acquiring-actual-i-t-group\\\/#primaryimage\"},\"thumbnailUrl\":\"https:\\\/\\\/www.itelis.eu\\\/wp-content\\\/uploads\\\/2022\\\/06\\\/itelis-telekom-prevzem-scaled.jpg\",\"inLanguage\":\"en-US\"},{\"@type\":\"WebPage\",\"@id\":\"https:\\\/\\\/www.itelis.eu\\\/en\\\/telekom-slovenije-acquiring-actual-i-t-group\\\/\",\"url\":\"https:\\\/\\\/www.itelis.eu\\\/en\\\/telekom-slovenije-acquiring-actual-i-t-group\\\/\",\"name\":\"Telekom Slovenije acquiring Actual I.T. Group - Itelis\",\"isPartOf\":{\"@id\":\"https:\\\/\\\/www.itelis.eu\\\/en\\\/#website\"},\"primaryImageOfPage\":{\"@id\":\"https:\\\/\\\/www.itelis.eu\\\/en\\\/telekom-slovenije-acquiring-actual-i-t-group\\\/#primaryimage\"},\"image\":{\"@id\":\"https:\\\/\\\/www.itelis.eu\\\/en\\\/telekom-slovenije-acquiring-actual-i-t-group\\\/#primaryimage\"},\"thumbnailUrl\":\"https:\\\/\\\/www.itelis.eu\\\/wp-content\\\/uploads\\\/2022\\\/06\\\/itelis-telekom-prevzem-scaled.jpg\",\"datePublished\":\"2022-06-20T09:12:32+00:00\",\"dateModified\":\"2023-07-26T22:50:23+00:00\",\"breadcrumb\":{\"@id\":\"https:\\\/\\\/www.itelis.eu\\\/en\\\/telekom-slovenije-acquiring-actual-i-t-group\\\/#breadcrumb\"},\"inLanguage\":\"en-US\",\"potentialAction\":[{\"@type\":\"ReadAction\",\"target\":[\"https:\\\/\\\/www.itelis.eu\\\/en\\\/telekom-slovenije-acquiring-actual-i-t-group\\\/\"]}]},{\"@type\":\"ImageObject\",\"inLanguage\":\"en-US\",\"@id\":\"https:\\\/\\\/www.itelis.eu\\\/en\\\/telekom-slovenije-acquiring-actual-i-t-group\\\/#primaryimage\",\"url\":\"https:\\\/\\\/www.itelis.eu\\\/wp-content\\\/uploads\\\/2022\\\/06\\\/itelis-telekom-prevzem-scaled.jpg\",\"contentUrl\":\"https:\\\/\\\/www.itelis.eu\\\/wp-content\\\/uploads\\\/2022\\\/06\\\/itelis-telekom-prevzem-scaled.jpg\",\"width\":2560,\"height\":1714,\"caption\":\"Itelis Telekom Slovenije prevzema skupino Actual I.T.\"},{\"@type\":\"BreadcrumbList\",\"@id\":\"https:\\\/\\\/www.itelis.eu\\\/en\\\/telekom-slovenije-acquiring-actual-i-t-group\\\/#breadcrumb\",\"itemListElement\":[{\"@type\":\"ListItem\",\"position\":1,\"name\":\"Home\",\"item\":\"https:\\\/\\\/www.itelis.eu\\\/en\\\/\"},{\"@type\":\"ListItem\",\"position\":2,\"name\":\"Telekom Slovenije acquiring Actual I.T. Group\"}]},{\"@type\":\"WebSite\",\"@id\":\"https:\\\/\\\/www.itelis.eu\\\/en\\\/#website\",\"url\":\"https:\\\/\\\/www.itelis.eu\\\/en\\\/\",\"name\":\"Itelis\",\"description\":\"Podjetje ITELIS je \u017ee 20 let med vodilnimi podjetji na podro\u010dju SAP svetovanja in danes ohranja najvi\u0161ji nivo partnerstva s SAPom \u2013 SAP Platinum partner.\",\"publisher\":{\"@id\":\"https:\\\/\\\/www.itelis.eu\\\/en\\\/#organization\"},\"potentialAction\":[{\"@type\":\"SearchAction\",\"target\":{\"@type\":\"EntryPoint\",\"urlTemplate\":\"https:\\\/\\\/www.itelis.eu\\\/en\\\/?s={search_term_string}\"},\"query-input\":{\"@type\":\"PropertyValueSpecification\",\"valueRequired\":true,\"valueName\":\"search_term_string\"}}],\"inLanguage\":\"en-US\"},{\"@type\":\"Organization\",\"@id\":\"https:\\\/\\\/www.itelis.eu\\\/en\\\/#organization\",\"name\":\"Itelis\",\"url\":\"https:\\\/\\\/www.itelis.eu\\\/en\\\/\",\"logo\":{\"@type\":\"ImageObject\",\"inLanguage\":\"en-US\",\"@id\":\"https:\\\/\\\/www.itelis.eu\\\/en\\\/#\\\/schema\\\/logo\\\/image\\\/\",\"url\":\"https:\\\/\\\/www.itelis.eu\\\/wp-content\\\/uploads\\\/2022\\\/09\\\/itelis-logo-rect.png\",\"contentUrl\":\"https:\\\/\\\/www.itelis.eu\\\/wp-content\\\/uploads\\\/2022\\\/09\\\/itelis-logo-rect.png\",\"width\":300,\"height\":200,\"caption\":\"Itelis\"},\"image\":{\"@id\":\"https:\\\/\\\/www.itelis.eu\\\/en\\\/#\\\/schema\\\/logo\\\/image\\\/\"},\"sameAs\":[\"https:\\\/\\\/www.linkedin.com\\\/company\\\/itelis-d-o-o\\\/?originalSubdomain=si\"]},{\"@type\":\"Person\",\"@id\":\"https:\\\/\\\/www.itelis.eu\\\/en\\\/#\\\/schema\\\/person\\\/276bcc99a6a5ebfb69a16f8656558239\",\"name\":\"Dejan Cepic\",\"sameAs\":[\"http:\\\/\\\/Itelis\"]}]}<\/script>\n<!-- \/ Yoast SEO plugin. -->","yoast_head_json":{"title":"Telekom Slovenije acquiring Actual I.T. Group - Itelis","robots":{"index":"index","follow":"follow","max-snippet":"max-snippet:-1","max-image-preview":"max-image-preview:large","max-video-preview":"max-video-preview:-1"},"canonical":"https:\/\/www.itelis.eu\/en\/telekom-slovenije-acquiring-actual-i-t-group\/","og_locale":"en_US","og_type":"article","og_title":"Telekom Slovenije acquiring Actual I.T. Group - Itelis","og_description":"Telekom Slovenije d. d. concluded an agreement with the companies DBA Information Technology and DBA Group to acquire Actual I.T. Group on 28 March 2022.","og_url":"https:\/\/www.itelis.eu\/en\/telekom-slovenije-acquiring-actual-i-t-group\/","og_site_name":"Itelis","article_published_time":"2022-06-20T09:12:32+00:00","article_modified_time":"2023-07-26T22:50:23+00:00","og_image":[{"width":2560,"height":1714,"url":"https:\/\/www.itelis.eu\/wp-content\/uploads\/2022\/06\/itelis-telekom-prevzem-scaled.jpg","type":"image\/jpeg"}],"author":"Dejan Cepic","twitter_card":"summary_large_image","twitter_misc":{"Written by":"Dejan Cepic","Est. reading time":"1 minute"},"schema":{"@context":"https:\/\/schema.org","@graph":[{"@type":"Article","@id":"https:\/\/www.itelis.eu\/en\/telekom-slovenije-acquiring-actual-i-t-group\/#article","isPartOf":{"@id":"https:\/\/www.itelis.eu\/en\/telekom-slovenije-acquiring-actual-i-t-group\/"},"author":{"name":"Dejan Cepic","@id":"https:\/\/www.itelis.eu\/en\/#\/schema\/person\/276bcc99a6a5ebfb69a16f8656558239"},"headline":"Telekom Slovenije acquiring Actual I.T. Group","datePublished":"2022-06-20T09:12:32+00:00","dateModified":"2023-07-26T22:50:23+00:00","mainEntityOfPage":{"@id":"https:\/\/www.itelis.eu\/en\/telekom-slovenije-acquiring-actual-i-t-group\/"},"wordCount":152,"publisher":{"@id":"https:\/\/www.itelis.eu\/en\/#organization"},"image":{"@id":"https:\/\/www.itelis.eu\/en\/telekom-slovenije-acquiring-actual-i-t-group\/#primaryimage"},"thumbnailUrl":"https:\/\/www.itelis.eu\/wp-content\/uploads\/2022\/06\/itelis-telekom-prevzem-scaled.jpg","inLanguage":"en-US"},{"@type":"WebPage","@id":"https:\/\/www.itelis.eu\/en\/telekom-slovenije-acquiring-actual-i-t-group\/","url":"https:\/\/www.itelis.eu\/en\/telekom-slovenije-acquiring-actual-i-t-group\/","name":"Telekom Slovenije acquiring Actual I.T. Group - Itelis","isPartOf":{"@id":"https:\/\/www.itelis.eu\/en\/#website"},"primaryImageOfPage":{"@id":"https:\/\/www.itelis.eu\/en\/telekom-slovenije-acquiring-actual-i-t-group\/#primaryimage"},"image":{"@id":"https:\/\/www.itelis.eu\/en\/telekom-slovenije-acquiring-actual-i-t-group\/#primaryimage"},"thumbnailUrl":"https:\/\/www.itelis.eu\/wp-content\/uploads\/2022\/06\/itelis-telekom-prevzem-scaled.jpg","datePublished":"2022-06-20T09:12:32+00:00","dateModified":"2023-07-26T22:50:23+00:00","breadcrumb":{"@id":"https:\/\/www.itelis.eu\/en\/telekom-slovenije-acquiring-actual-i-t-group\/#breadcrumb"},"inLanguage":"en-US","potentialAction":[{"@type":"ReadAction","target":["https:\/\/www.itelis.eu\/en\/telekom-slovenije-acquiring-actual-i-t-group\/"]}]},{"@type":"ImageObject","inLanguage":"en-US","@id":"https:\/\/www.itelis.eu\/en\/telekom-slovenije-acquiring-actual-i-t-group\/#primaryimage","url":"https:\/\/www.itelis.eu\/wp-content\/uploads\/2022\/06\/itelis-telekom-prevzem-scaled.jpg","contentUrl":"https:\/\/www.itelis.eu\/wp-content\/uploads\/2022\/06\/itelis-telekom-prevzem-scaled.jpg","width":2560,"height":1714,"caption":"Itelis Telekom Slovenije prevzema skupino Actual I.T."},{"@type":"BreadcrumbList","@id":"https:\/\/www.itelis.eu\/en\/telekom-slovenije-acquiring-actual-i-t-group\/#breadcrumb","itemListElement":[{"@type":"ListItem","position":1,"name":"Home","item":"https:\/\/www.itelis.eu\/en\/"},{"@type":"ListItem","position":2,"name":"Telekom Slovenije acquiring Actual I.T. Group"}]},{"@type":"WebSite","@id":"https:\/\/www.itelis.eu\/en\/#website","url":"https:\/\/www.itelis.eu\/en\/","name":"Itelis","description":"Podjetje ITELIS je \u017ee 20 let med vodilnimi podjetji na podro\u010dju SAP svetovanja in danes ohranja najvi\u0161ji nivo partnerstva s SAPom \u2013 SAP Platinum partner.","publisher":{"@id":"https:\/\/www.itelis.eu\/en\/#organization"},"potentialAction":[{"@type":"SearchAction","target":{"@type":"EntryPoint","urlTemplate":"https:\/\/www.itelis.eu\/en\/?s={search_term_string}"},"query-input":{"@type":"PropertyValueSpecification","valueRequired":true,"valueName":"search_term_string"}}],"inLanguage":"en-US"},{"@type":"Organization","@id":"https:\/\/www.itelis.eu\/en\/#organization","name":"Itelis","url":"https:\/\/www.itelis.eu\/en\/","logo":{"@type":"ImageObject","inLanguage":"en-US","@id":"https:\/\/www.itelis.eu\/en\/#\/schema\/logo\/image\/","url":"https:\/\/www.itelis.eu\/wp-content\/uploads\/2022\/09\/itelis-logo-rect.png","contentUrl":"https:\/\/www.itelis.eu\/wp-content\/uploads\/2022\/09\/itelis-logo-rect.png","width":300,"height":200,"caption":"Itelis"},"image":{"@id":"https:\/\/www.itelis.eu\/en\/#\/schema\/logo\/image\/"},"sameAs":["https:\/\/www.linkedin.com\/company\/itelis-d-o-o\/?originalSubdomain=si"]},{"@type":"Person","@id":"https:\/\/www.itelis.eu\/en\/#\/schema\/person\/276bcc99a6a5ebfb69a16f8656558239","name":"Dejan Cepic","sameAs":["http:\/\/Itelis"]}]}},"_links":{"self":[{"href":"https:\/\/www.itelis.eu\/en\/wp-json\/wp\/v2\/posts\/282","targetHints":{"allow":["GET"]}}],"collection":[{"href":"https:\/\/www.itelis.eu\/en\/wp-json\/wp\/v2\/posts"}],"about":[{"href":"https:\/\/www.itelis.eu\/en\/wp-json\/wp\/v2\/types\/post"}],"author":[{"embeddable":true,"href":"https:\/\/www.itelis.eu\/en\/wp-json\/wp\/v2\/users\/2"}],"replies":[{"embeddable":true,"href":"https:\/\/www.itelis.eu\/en\/wp-json\/wp\/v2\/comments?post=282"}],"version-history":[{"count":1,"href":"https:\/\/www.itelis.eu\/en\/wp-json\/wp\/v2\/posts\/282\/revisions"}],"predecessor-version":[{"id":4016,"href":"https:\/\/www.itelis.eu\/en\/wp-json\/wp\/v2\/posts\/282\/revisions\/4016"}],"wp:featuredmedia":[{"embeddable":true,"href":"https:\/\/www.itelis.eu\/en\/wp-json\/wp\/v2\/media\/236"}],"wp:attachment":[{"href":"https:\/\/www.itelis.eu\/en\/wp-json\/wp\/v2\/media?parent=282"}],"wp:term":[{"taxonomy":"category","embeddable":true,"href":"https:\/\/www.itelis.eu\/en\/wp-json\/wp\/v2\/categories?post=282"},{"taxonomy":"post_tag","embeddable":true,"href":"https:\/\/www.itelis.eu\/en\/wp-json\/wp\/v2\/tags?post=282"}],"curies":[{"name":"wp","href":"https:\/\/api.w.org\/{rel}","templated":true}]}}